{"id":1471,"date":"2023-04-26T15:34:16","date_gmt":"2023-04-26T13:34:16","guid":{"rendered":"https:\/\/www.antonellascarfonegallery.it\/?p=1471"},"modified":"2023-04-26T17:04:20","modified_gmt":"2023-04-26T15:04:20","slug":"lucca-art-fair-2023","status":"publish","type":"post","link":"https:\/\/www.antonellascarfonegallery.it\/en\/lucca-art-fair-2023\/","title":{"rendered":"Lucca Art Fair 2023"},"content":{"rendered":"<p>Also this year the gallery took part in the seventh edition of the Lucca Art Fair with two separate and distinct stands, chromatically and stylistically.<\/p>\n\n\n\n<p>Stand F1 exhibited: <em>The Metamorphoses<\/em> by Paolo Medici, <em>Le rivage obli\u00e9<\/em> And <em>Les soeurs<\/em> by Fran\u00e7oise De Felice, <em>Between dream and reality<\/em> of Red Emerald Crimson, <em>Clinging to these moments of forgetfulness<\/em> by Angelo Giordano and a preview of the jewel sculptures by Beatrice Pieroni Lub\u00e9 created for Antonella Scarfone Art Gallery.<\/p>\n\n\n\n<p>A warm symphony of colors and classic lines that dialogue together harmoniously.<\/p>\n\n\n\n<p>Stand F2 exhibited instead: <em>Tamed1\/2<\/em> by Andrea Berni, <em>Blackbody<\/em> by Irene Giannaccini, <em>Opulence n 5<\/em> by Aiden Kringen e <em>Decrypt 1 2 3 4<\/em>&nbsp;by Jennifer Deri.<\/p>\n\n\n\n<p>Direct and essential two-tones, decisive lines. It is a comparison between different subjects, it is today and tomorrow seen through different sensitivities but which combine well together.<\/p>\n\n\n\n<figure class=\"wp-block-image size-large\"><img loading=\"lazy\" decoding=\"async\" width=\"1024\" height=\"434\" src=\"https:\/\/www.antonellascarfonegallery.it\/wp-content\/uploads\/2023\/04\/20230421_145643-1024x434.jpg\" alt=\"\" class=\"wp-image-1483\" srcset=\"https:\/\/www.antonellascarfonegallery.it\/wp-content\/uploads\/2023\/04\/20230421_145643-1024x434.jpg 1024w, https:\/\/www.antonellascarfonegallery.it\/wp-content\/uploads\/2023\/04\/20230421_145643-300x127.jpg 300w, https:\/\/www.antonellascarfonegallery.it\/wp-content\/uploads\/2023\/04\/20230421_145643-768x326.jpg 768w, https:\/\/www.antonellascarfonegallery.it\/wp-content\/uploads\/2023\/04\/20230421_145643-1536x651.jpg 1536w, https:\/\/www.antonellascarfonegallery.it\/wp-content\/uploads\/2023\/04\/20230421_145643-2048x868.jpg 2048w, https:\/\/www.antonellascarfonegallery.it\/wp-content\/uploads\/2023\/04\/20230421_145643-18x8.jpg 18w\" sizes=\"auto, (max-width: 1024px) 100vw, 1024px\" \/><\/figure>\n\n\n\n<figure class=\"wp-block-image size-large is-resized\"><img loading=\"lazy\" decoding=\"async\" src=\"https:\/\/www.antonellascarfonegallery.it\/wp-content\/uploads\/2023\/04\/20230421_145701-1024x422.jpg\" alt=\"\" class=\"wp-image-1484\" width=\"1024\" height=\"422\" srcset=\"https:\/\/www.antonellascarfonegallery.it\/wp-content\/uploads\/2023\/04\/20230421_145701-1024x422.jpg 1024w, https:\/\/www.antonellascarfonegallery.it\/wp-content\/uploads\/2023\/04\/20230421_145701-300x124.jpg 300w, https:\/\/www.antonellascarfonegallery.it\/wp-content\/uploads\/2023\/04\/20230421_145701-768x316.jpg 768w, https:\/\/www.antonellascarfonegallery.it\/wp-content\/uploads\/2023\/04\/20230421_145701-1536x632.jpg 1536w, https:\/\/www.antonellascarfonegallery.it\/wp-content\/uploads\/2023\/04\/20230421_145701-2048x843.jpg 2048w, https:\/\/www.antonellascarfonegallery.it\/wp-content\/uploads\/2023\/04\/20230421_145701-18x7.jpg 18w\" sizes=\"auto, (max-width: 1024px) 100vw, 1024px\" \/><\/figure>\n\n\n\n<figure class=\"wp-block-image size-large\"><img loading=\"lazy\" decoding=\"async\" width=\"1024\" height=\"462\" src=\"https:\/\/www.antonellascarfonegallery.it\/wp-content\/uploads\/2023\/04\/20230421_181621-1024x462.jpg\" alt=\"\" class=\"wp-image-1485\" srcset=\"https:\/\/www.antonellascarfonegallery.it\/wp-content\/uploads\/2023\/04\/20230421_181621-1024x462.jpg 1024w, https:\/\/www.antonellascarfonegallery.it\/wp-content\/uploads\/2023\/04\/20230421_181621-300x135.jpg 300w, https:\/\/www.antonellascarfonegallery.it\/wp-content\/uploads\/2023\/04\/20230421_181621-768x346.jpg 768w, https:\/\/www.antonellascarfonegallery.it\/wp-content\/uploads\/2023\/04\/20230421_181621-1536x692.jpg 1536w, https:\/\/www.antonellascarfonegallery.it\/wp-content\/uploads\/2023\/04\/20230421_181621-2048x923.jpg 2048w, https:\/\/www.antonellascarfonegallery.it\/wp-content\/uploads\/2023\/04\/20230421_181621-18x8.jpg 18w\" sizes=\"auto, (max-width: 1024px) 100vw, 1024px\" \/><\/figure>\n\n\n\n<p><\/p>","protected":false},"excerpt":{"rendered":"<p>Also this year the gallery took part in the seventh edition of the Lucca Art Fair with two separate and distinct stands, chromatically and stylistically. The F1 stand exhibited: Metamorphoses by Paolo Medici, Le rivage oubli\u00e9 and Les soeurs by Fran\u00e7oise De Felice, Between dream and reality by Rosso Emerald Crimson, Clinging to these moments of \u2026 <a href=\"https:\/\/www.antonellascarfonegallery.it\/en\/lucca-art-fair-2023\/\">Keep reading<\/a><\/p>","protected":false},"author":2,"featured_media":1474,"comment_status":"open","ping_status":"closed","sticky":false,"template":"","format":"standard","meta":{"_acf_changed":false,"_uag_custom_page_level_css":"","footnotes":""},"categories":[33,1],"tags":[],"class_list":["post-1471","post","type-post","status-publish","format-standard","has-post-thumbnail","hentry","category-eventi","category-uncategorized"],"acf":[],"yoast_head":"<!-- This site is optimized with the Yoast SEO plugin v27.4 - https:\/\/yoast.com\/product\/yoast-seo-wordpress\/ -->\n<title>Lucca Art Fair 2023 - Antonella Scarfone Gallery<\/title>\n<meta name=\"robots\" content=\"index, follow, max-snippet:-1, max-image-preview:large, max-video-preview:-1\" \/>\n<link rel=\"canonical\" href=\"https:\/\/www.antonellascarfonegallery.it\/en\/lucca-art-fair-2023\/\" \/>\n<meta property=\"og:locale\" content=\"en_GB\" \/>\n<meta property=\"og:type\" content=\"article\" \/>\n<meta property=\"og:title\" content=\"Lucca Art Fair 2023 - Antonella Scarfone Gallery\" \/>\n<meta property=\"og:description\" content=\"Anche quest\u2019anno la galleria ha partecipato alla settima edizione del Lucca Art Fair con due stand separati e distinti, cromaticamente e stilisticamente. Lo stand F1 ha esposto: Le Metamorfosi di Paolo Medici, Le rivage oubli\u00e9 e Les soeurs di Fran\u00e7oise De Felice, Tra sogno e realt\u00e0 di Rosso Emerald Crimson, Aggrappata a questi attimi di &hellip; Continua a leggere\" \/>\n<meta property=\"og:url\" content=\"https:\/\/www.antonellascarfonegallery.it\/en\/lucca-art-fair-2023\/\" \/>\n<meta property=\"og:site_name\" content=\"Antonella Scarfone Gallery\" \/>\n<meta property=\"article:published_time\" content=\"2023-04-26T13:34:16+00:00\" \/>\n<meta property=\"article:modified_time\" content=\"2023-04-26T15:04:20+00:00\" \/>\n<meta property=\"og:image\" content=\"https:\/\/www.antonellascarfonegallery.it\/wp-content\/uploads\/2023\/04\/LOGO-LUCCA.jpg\" \/>\n\t<meta property=\"og:image:width\" content=\"1134\" \/>\n\t<meta property=\"og:image:height\" content=\"1080\" \/>\n\t<meta property=\"og:image:type\" content=\"image\/jpeg\" \/>\n<meta name=\"author\" content=\"Antonella Scarfone\" \/>\n<meta name=\"twitter:card\" content=\"summary_large_image\" \/>\n<meta name=\"twitter:label1\" content=\"Written by\" \/>\n\t<meta name=\"twitter:data1\" content=\"Antonella Scarfone\" \/>\n\t<meta name=\"twitter:label2\" content=\"Estimated reading time\" \/>\n\t<meta name=\"twitter:data2\" content=\"2 minutes\" \/>\n<script type=\"application\/ld+json\" class=\"yoast-schema-graph\">{\"@context\":\"https:\\\/\\\/schema.org\",\"@graph\":[{\"@type\":\"Article\",\"@id\":\"https:\\\/\\\/www.antonellascarfonegallery.it\\\/lucca-art-fair-2023\\\/#article\",\"isPartOf\":{\"@id\":\"https:\\\/\\\/www.antonellascarfonegallery.it\\\/lucca-art-fair-2023\\\/\"},\"author\":{\"name\":\"Antonella Scarfone\",\"@id\":\"https:\\\/\\\/www.antonellascarfonegallery.it\\\/#\\\/schema\\\/person\\\/3ed775d2b3ec69dc5b3513ee80f68766\"},\"headline\":\"Lucca Art Fair 2023\",\"datePublished\":\"2023-04-26T13:34:16+00:00\",\"dateModified\":\"2023-04-26T15:04:20+00:00\",\"mainEntityOfPage\":{\"@id\":\"https:\\\/\\\/www.antonellascarfonegallery.it\\\/lucca-art-fair-2023\\\/\"},\"wordCount\":145,\"commentCount\":0,\"image\":{\"@id\":\"https:\\\/\\\/www.antonellascarfonegallery.it\\\/lucca-art-fair-2023\\\/#primaryimage\"},\"thumbnailUrl\":\"https:\\\/\\\/www.antonellascarfonegallery.it\\\/wp-content\\\/uploads\\\/2023\\\/04\\\/LOGO-LUCCA.jpg\",\"articleSection\":[\"Eventi\",\"Uncategorized\"],\"inLanguage\":\"en-GB\",\"potentialAction\":[{\"@type\":\"CommentAction\",\"name\":\"Comment\",\"target\":[\"https:\\\/\\\/www.antonellascarfonegallery.it\\\/lucca-art-fair-2023\\\/#respond\"]}]},{\"@type\":\"WebPage\",\"@id\":\"https:\\\/\\\/www.antonellascarfonegallery.it\\\/lucca-art-fair-2023\\\/\",\"url\":\"https:\\\/\\\/www.antonellascarfonegallery.it\\\/lucca-art-fair-2023\\\/\",\"name\":\"Lucca Art Fair 2023 - Antonella Scarfone Gallery\",\"isPartOf\":{\"@id\":\"https:\\\/\\\/www.antonellascarfonegallery.it\\\/#website\"},\"primaryImageOfPage\":{\"@id\":\"https:\\\/\\\/www.antonellascarfonegallery.it\\\/lucca-art-fair-2023\\\/#primaryimage\"},\"image\":{\"@id\":\"https:\\\/\\\/www.antonellascarfonegallery.it\\\/lucca-art-fair-2023\\\/#primaryimage\"},\"thumbnailUrl\":\"https:\\\/\\\/www.antonellascarfonegallery.it\\\/wp-content\\\/uploads\\\/2023\\\/04\\\/LOGO-LUCCA.jpg\",\"datePublished\":\"2023-04-26T13:34:16+00:00\",\"dateModified\":\"2023-04-26T15:04:20+00:00\",\"author\":{\"@id\":\"https:\\\/\\\/www.antonellascarfonegallery.it\\\/#\\\/schema\\\/person\\\/3ed775d2b3ec69dc5b3513ee80f68766\"},\"breadcrumb\":{\"@id\":\"https:\\\/\\\/www.antonellascarfonegallery.it\\\/lucca-art-fair-2023\\\/#breadcrumb\"},\"inLanguage\":\"en-GB\",\"potentialAction\":[{\"@type\":\"ReadAction\",\"target\":[\"https:\\\/\\\/www.antonellascarfonegallery.it\\\/lucca-art-fair-2023\\\/\"]}]},{\"@type\":\"ImageObject\",\"inLanguage\":\"en-GB\",\"@id\":\"https:\\\/\\\/www.antonellascarfonegallery.it\\\/lucca-art-fair-2023\\\/#primaryimage\",\"url\":\"https:\\\/\\\/www.antonellascarfonegallery.it\\\/wp-content\\\/uploads\\\/2023\\\/04\\\/LOGO-LUCCA.jpg\",\"contentUrl\":\"https:\\\/\\\/www.antonellascarfonegallery.it\\\/wp-content\\\/uploads\\\/2023\\\/04\\\/LOGO-LUCCA.jpg\",\"width\":1134,\"height\":1080},{\"@type\":\"BreadcrumbList\",\"@id\":\"https:\\\/\\\/www.antonellascarfonegallery.it\\\/lucca-art-fair-2023\\\/#breadcrumb\",\"itemListElement\":[{\"@type\":\"ListItem\",\"position\":1,\"name\":\"Home\",\"item\":\"https:\\\/\\\/www.antonellascarfonegallery.it\\\/\"},{\"@type\":\"ListItem\",\"position\":2,\"name\":\"Lucca Art Fair 2023\"}]},{\"@type\":\"WebSite\",\"@id\":\"https:\\\/\\\/www.antonellascarfonegallery.it\\\/#website\",\"url\":\"https:\\\/\\\/www.antonellascarfonegallery.it\\\/\",\"name\":\"Antonella Scarfone Gallery\",\"description\":\"La Galleria delle Arti a Pisa\",\"potentialAction\":[{\"@type\":\"SearchAction\",\"target\":{\"@type\":\"EntryPoint\",\"urlTemplate\":\"https:\\\/\\\/www.antonellascarfonegallery.it\\\/?s={search_term_string}\"},\"query-input\":{\"@type\":\"PropertyValueSpecification\",\"valueRequired\":true,\"valueName\":\"search_term_string\"}}],\"inLanguage\":\"en-GB\"},{\"@type\":\"Person\",\"@id\":\"https:\\\/\\\/www.antonellascarfonegallery.it\\\/#\\\/schema\\\/person\\\/3ed775d2b3ec69dc5b3513ee80f68766\",\"name\":\"Antonella Scarfone\",\"image\":{\"@type\":\"ImageObject\",\"inLanguage\":\"en-GB\",\"@id\":\"https:\\\/\\\/www.antonellascarfonegallery.it\\\/wp-content\\\/uploads\\\/2020\\\/08\\\/cropped-logo-scarfone-bold@3x-100-150x150.jpg\",\"url\":\"https:\\\/\\\/www.antonellascarfonegallery.it\\\/wp-content\\\/uploads\\\/2020\\\/08\\\/cropped-logo-scarfone-bold@3x-100-150x150.jpg\",\"contentUrl\":\"https:\\\/\\\/www.antonellascarfonegallery.it\\\/wp-content\\\/uploads\\\/2020\\\/08\\\/cropped-logo-scarfone-bold@3x-100-150x150.jpg\",\"caption\":\"Antonella Scarfone\"},\"url\":\"https:\\\/\\\/www.antonellascarfonegallery.it\\\/en\\\/author\\\/scarfone_admin\\\/\"}]}<\/script>\n<!-- \/ Yoast SEO plugin. -->","yoast_head_json":{"title":"Lucca Art Fair 2023 - Antonella Scarfone Gallery","robots":{"index":"index","follow":"follow","max-snippet":"max-snippet:-1","max-image-preview":"max-image-preview:large","max-video-preview":"max-video-preview:-1"},"canonical":"https:\/\/www.antonellascarfonegallery.it\/en\/lucca-art-fair-2023\/","og_locale":"en_GB","og_type":"article","og_title":"Lucca Art Fair 2023 - Antonella Scarfone Gallery","og_description":"Anche quest\u2019anno la galleria ha partecipato alla settima edizione del Lucca Art Fair con due stand separati e distinti, cromaticamente e stilisticamente. Lo stand F1 ha esposto: Le Metamorfosi di Paolo Medici, Le rivage oubli\u00e9 e Les soeurs di Fran\u00e7oise De Felice, Tra sogno e realt\u00e0 di Rosso Emerald Crimson, Aggrappata a questi attimi di &hellip; Continua a leggere","og_url":"https:\/\/www.antonellascarfonegallery.it\/en\/lucca-art-fair-2023\/","og_site_name":"Antonella Scarfone Gallery","article_published_time":"2023-04-26T13:34:16+00:00","article_modified_time":"2023-04-26T15:04:20+00:00","og_image":[{"width":1134,"height":1080,"url":"https:\/\/www.antonellascarfonegallery.it\/wp-content\/uploads\/2023\/04\/LOGO-LUCCA.jpg","type":"image\/jpeg"}],"author":"Antonella Scarfone","twitter_card":"summary_large_image","twitter_misc":{"Written by":"Antonella Scarfone","Estimated reading time":"2 minutes"},"schema":{"@context":"https:\/\/schema.org","@graph":[{"@type":"Article","@id":"https:\/\/www.antonellascarfonegallery.it\/lucca-art-fair-2023\/#article","isPartOf":{"@id":"https:\/\/www.antonellascarfonegallery.it\/lucca-art-fair-2023\/"},"author":{"name":"Antonella Scarfone","@id":"https:\/\/www.antonellascarfonegallery.it\/#\/schema\/person\/3ed775d2b3ec69dc5b3513ee80f68766"},"headline":"Lucca Art Fair 2023","datePublished":"2023-04-26T13:34:16+00:00","dateModified":"2023-04-26T15:04:20+00:00","mainEntityOfPage":{"@id":"https:\/\/www.antonellascarfonegallery.it\/lucca-art-fair-2023\/"},"wordCount":145,"commentCount":0,"image":{"@id":"https:\/\/www.antonellascarfonegallery.it\/lucca-art-fair-2023\/#primaryimage"},"thumbnailUrl":"https:\/\/www.antonellascarfonegallery.it\/wp-content\/uploads\/2023\/04\/LOGO-LUCCA.jpg","articleSection":["Eventi","Uncategorized"],"inLanguage":"en-GB","potentialAction":[{"@type":"CommentAction","name":"Comment","target":["https:\/\/www.antonellascarfonegallery.it\/lucca-art-fair-2023\/#respond"]}]},{"@type":"WebPage","@id":"https:\/\/www.antonellascarfonegallery.it\/lucca-art-fair-2023\/","url":"https:\/\/www.antonellascarfonegallery.it\/lucca-art-fair-2023\/","name":"Lucca Art Fair 2023 - Antonella Scarfone Gallery","isPartOf":{"@id":"https:\/\/www.antonellascarfonegallery.it\/#website"},"primaryImageOfPage":{"@id":"https:\/\/www.antonellascarfonegallery.it\/lucca-art-fair-2023\/#primaryimage"},"image":{"@id":"https:\/\/www.antonellascarfonegallery.it\/lucca-art-fair-2023\/#primaryimage"},"thumbnailUrl":"https:\/\/www.antonellascarfonegallery.it\/wp-content\/uploads\/2023\/04\/LOGO-LUCCA.jpg","datePublished":"2023-04-26T13:34:16+00:00","dateModified":"2023-04-26T15:04:20+00:00","author":{"@id":"https:\/\/www.antonellascarfonegallery.it\/#\/schema\/person\/3ed775d2b3ec69dc5b3513ee80f68766"},"breadcrumb":{"@id":"https:\/\/www.antonellascarfonegallery.it\/lucca-art-fair-2023\/#breadcrumb"},"inLanguage":"en-GB","potentialAction":[{"@type":"ReadAction","target":["https:\/\/www.antonellascarfonegallery.it\/lucca-art-fair-2023\/"]}]},{"@type":"ImageObject","inLanguage":"en-GB","@id":"https:\/\/www.antonellascarfonegallery.it\/lucca-art-fair-2023\/#primaryimage","url":"https:\/\/www.antonellascarfonegallery.it\/wp-content\/uploads\/2023\/04\/LOGO-LUCCA.jpg","contentUrl":"https:\/\/www.antonellascarfonegallery.it\/wp-content\/uploads\/2023\/04\/LOGO-LUCCA.jpg","width":1134,"height":1080},{"@type":"BreadcrumbList","@id":"https:\/\/www.antonellascarfonegallery.it\/lucca-art-fair-2023\/#breadcrumb","itemListElement":[{"@type":"ListItem","position":1,"name":"Home","item":"https:\/\/www.antonellascarfonegallery.it\/"},{"@type":"ListItem","position":2,"name":"Lucca Art Fair 2023"}]},{"@type":"WebSite","@id":"https:\/\/www.antonellascarfonegallery.it\/#website","url":"https:\/\/www.antonellascarfonegallery.it\/","name":"Antonella Scarfone Gallery","description":"The Gallery of Arts in Pisa","potentialAction":[{"@type":"SearchAction","target":{"@type":"EntryPoint","urlTemplate":"https:\/\/www.antonellascarfonegallery.it\/?s={search_term_string}"},"query-input":{"@type":"PropertyValueSpecification","valueRequired":true,"valueName":"search_term_string"}}],"inLanguage":"en-GB"},{"@type":"Person","@id":"https:\/\/www.antonellascarfonegallery.it\/#\/schema\/person\/3ed775d2b3ec69dc5b3513ee80f68766","name":"Antonella Scarfone","image":{"@type":"ImageObject","inLanguage":"en-GB","@id":"https:\/\/www.antonellascarfonegallery.it\/wp-content\/uploads\/2020\/08\/cropped-logo-scarfone-bold@3x-100-150x150.jpg","url":"https:\/\/www.antonellascarfonegallery.it\/wp-content\/uploads\/2020\/08\/cropped-logo-scarfone-bold@3x-100-150x150.jpg","contentUrl":"https:\/\/www.antonellascarfonegallery.it\/wp-content\/uploads\/2020\/08\/cropped-logo-scarfone-bold@3x-100-150x150.jpg","caption":"Antonella Scarfone"},"url":"https:\/\/www.antonellascarfonegallery.it\/en\/author\/scarfone_admin\/"}]}},"uagb_featured_image_src":{"full":["https:\/\/www.antonellascarfonegallery.it\/wp-content\/uploads\/2023\/04\/LOGO-LUCCA.jpg",1134,1080,false],"thumbnail":["https:\/\/www.antonellascarfonegallery.it\/wp-content\/uploads\/2023\/04\/LOGO-LUCCA-150x150.jpg",150,150,true],"medium":["https:\/\/www.antonellascarfonegallery.it\/wp-content\/uploads\/2023\/04\/LOGO-LUCCA-300x286.jpg",300,286,true],"medium_large":["https:\/\/www.antonellascarfonegallery.it\/wp-content\/uploads\/2023\/04\/LOGO-LUCCA-768x731.jpg",768,731,true],"large":["https:\/\/www.antonellascarfonegallery.it\/wp-content\/uploads\/2023\/04\/LOGO-LUCCA-1024x975.jpg",1024,975,true],"1536x1536":["https:\/\/www.antonellascarfonegallery.it\/wp-content\/uploads\/2023\/04\/LOGO-LUCCA.jpg",1134,1080,false],"2048x2048":["https:\/\/www.antonellascarfonegallery.it\/wp-content\/uploads\/2023\/04\/LOGO-LUCCA.jpg",1134,1080,false],"trp-custom-language-flag":["https:\/\/www.antonellascarfonegallery.it\/wp-content\/uploads\/2023\/04\/LOGO-LUCCA-13x12.jpg",13,12,true],"customSize":["https:\/\/www.antonellascarfonegallery.it\/wp-content\/uploads\/2023\/04\/LOGO-LUCCA-600x600.jpg",600,600,true],"pageCover":["https:\/\/www.antonellascarfonegallery.it\/wp-content\/uploads\/2023\/04\/LOGO-LUCCA-1134x600.jpg",1134,600,true],"screen":["https:\/\/www.antonellascarfonegallery.it\/wp-content\/uploads\/2023\/04\/LOGO-LUCCA-1134x720.jpg",1134,720,true],"articleHeader":["https:\/\/www.antonellascarfonegallery.it\/wp-content\/uploads\/2023\/04\/LOGO-LUCCA-1134x192.jpg",1134,192,true]},"uagb_author_info":{"display_name":"Antonella Scarfone","author_link":"https:\/\/www.antonellascarfonegallery.it\/en\/author\/scarfone_admin\/"},"uagb_comment_info":0,"uagb_excerpt":"Anche quest\u2019anno la galleria ha partecipato alla settima edizione del Lucca Art Fair con due stand separati e distinti, cromaticamente e stilisticamente. Lo stand F1 ha esposto: Le Metamorfosi di Paolo Medici, Le rivage oubli\u00e9 e Les soeurs di Fran\u00e7oise De Felice, Tra sogno e realt\u00e0 di Rosso Emerald Crimson, Aggrappata a questi attimi di&hellip;","_links":{"self":[{"href":"https:\/\/www.antonellascarfonegallery.it\/en\/wp-json\/wp\/v2\/posts\/1471","targetHints":{"allow":["GET"]}}],"collection":[{"href":"https:\/\/www.antonellascarfonegallery.it\/en\/wp-json\/wp\/v2\/posts"}],"about":[{"href":"https:\/\/www.antonellascarfonegallery.it\/en\/wp-json\/wp\/v2\/types\/post"}],"author":[{"embeddable":true,"href":"https:\/\/www.antonellascarfonegallery.it\/en\/wp-json\/wp\/v2\/users\/2"}],"replies":[{"embeddable":true,"href":"https:\/\/www.antonellascarfonegallery.it\/en\/wp-json\/wp\/v2\/comments?post=1471"}],"version-history":[{"count":0,"href":"https:\/\/www.antonellascarfonegallery.it\/en\/wp-json\/wp\/v2\/posts\/1471\/revisions"}],"wp:featuredmedia":[{"embeddable":true,"href":"https:\/\/www.antonellascarfonegallery.it\/en\/wp-json\/wp\/v2\/media\/1474"}],"wp:attachment":[{"href":"https:\/\/www.antonellascarfonegallery.it\/en\/wp-json\/wp\/v2\/media?parent=1471"}],"wp:term":[{"taxonomy":"category","embeddable":true,"href":"https:\/\/www.antonellascarfonegallery.it\/en\/wp-json\/wp\/v2\/categories?post=1471"},{"taxonomy":"post_tag","embeddable":true,"href":"https:\/\/www.antonellascarfonegallery.it\/en\/wp-json\/wp\/v2\/tags?post=1471"}],"curies":[{"name":"wp","href":"https:\/\/api.w.org\/{rel}","templated":true}]}}